{"id":436,"date":"2015-10-08T23:13:27","date_gmt":"2015-10-08T22:13:27","guid":{"rendered":"http:\/\/sporting-taekwondo.de\/wordpress\/?p=436"},"modified":"2015-10-08T23:13:27","modified_gmt":"2015-10-08T22:13:27","slug":"18-neue-guerteltraeger-bei-sporting-taekwondo-ueberzeugen-in-allen-pruefungsfaechern","status":"publish","type":"post","link":"http:\/\/sporting-taekwondo.de\/wordpress\/18-neue-guerteltraeger-bei-sporting-taekwondo-ueberzeugen-in-allen-pruefungsfaechern\/","title":{"rendered":"18 neue G\u00fcrteltr\u00e4ger bei SPORTING Taekwondo \u00fcberzeugen in allen Pr\u00fcfungsf\u00e4chern"},"content":{"rendered":"<p><img decoding=\"async\" loading=\"lazy\" class=\"alignnone size-medium wp-image-437\" src=\"http:\/\/sporting-taekwondo.de\/wordpress\/wp-content\/uploads\/2015\/10\/20151004_112017-300x193.jpg\" alt=\"20151004_112017\" width=\"300\" height=\"193\" srcset=\"http:\/\/sporting-taekwondo.de\/wordpress\/wp-content\/uploads\/2015\/10\/20151004_112017-300x193.jpg 300w, http:\/\/sporting-taekwondo.de\/wordpress\/wp-content\/uploads\/2015\/10\/20151004_112017-1024x657.jpg 1024w\" sizes=\"(max-width: 300px) 100vw, 300px\" \/><\/p>\n<p>Wieder einmal wurde bei SPORTING Taekwondo eine G\u00fcrtelpr\u00fcfung veranstaltet. \u2013Und die n\u00e4chste folgt schon bald.<\/p>\n<p>In den Pr\u00fcfungsf\u00e4chern Grundschule, Form, Stepschule, Pratzen\u00fcbungen, Freikampf, Einschrittkampf, Selbstverteidigung, Theorie, Bruchtest und \u00dcberpr\u00fcfung wurden die folgenden Sportler gepr\u00fcft und erreichten die entsprechende Graduierung:<\/p>\n<p>Wei\u00df-Gelb\/9. Kup: Philipp Wecker, Kai Morozov, Salome Gritzan, Arian Gucati, Florian Scory, Maximilian Ullmer<\/p>\n<p>Gelb\/8. Kup: Chiara Marie Fetisch, Lucas Gerlich, Maik Schulz<\/p>\n<p>Gelb-Gr\u00fcn\/7. Kup: Bent Pfister, Maximilian Ekkert<\/p>\n<p>Gr\u00fcn\/6. Kup: Lara Schwab, Marie Emilia M\u00fcller, Max Morozov<\/p>\n<p>Blau\/4. Kup: Aaliyah Cheyenne Sell, Fynn Constantin Naumann<\/p>\n<p>Rot-Schwarz\/1. Kup: Alexander Timoschenko, Michael Ogloblinski<\/p>\n<p>\u200bZum Pr\u00fcfungsbesten wurde der 5-j\u00e4hrige Kai Morozov gek\u00fcrt, der f\u00fcr seine tolle Leistung eine Medaille \u00fcberreicht bekam.<\/p>\n<p><img decoding=\"async\" loading=\"lazy\" class=\"alignnone size-medium wp-image-438\" src=\"http:\/\/sporting-taekwondo.de\/wordpress\/wp-content\/uploads\/2015\/10\/20151004_125341-300x140.jpg\" alt=\"20151004_125341\" width=\"300\" height=\"140\" srcset=\"http:\/\/sporting-taekwondo.de\/wordpress\/wp-content\/uploads\/2015\/10\/20151004_125341-300x140.jpg 300w, http:\/\/sporting-taekwondo.de\/wordpress\/wp-content\/uploads\/2015\/10\/20151004_125341-1024x479.jpg 1024w\" sizes=\"(max-width: 300px) 100vw, 300px\" \/><\/p>\n<p>Wir gratulieren allen hier bestandenen Pr\u00fcflingen und w\u00fcnschen den anderen bei der kommenden Pr\u00fcfung viel Erfolg!<\/p>\n","protected":false},"excerpt":{"rendered":"<p>Wieder einmal wurde bei SPORTING Taekwondo eine G\u00fcrtelpr\u00fcfung veranstaltet. \u2013Und die n\u00e4chste folgt schon bald. In den Pr\u00fcfungsf\u00e4chern Grundschule, Form, Stepschule, Pratzen\u00fcbungen, Freikampf, Einschrittkampf, Selbstverteidigung, Theorie, Bruchtest und \u00dcberpr\u00fcfung wurden die folgenden Sportler gepr\u00fcft und erreichten die entsprechende Graduierung: Wei\u00df-Gelb\/9.<\/p>\n","protected":false},"author":2,"featured_media":0,"comment_status":"closed","ping_status":"closed","sticky":false,"template":"","format":"standard","meta":[],"categories":[59],"tags":[52,47,88,24,19,16,92,32,91,27,21,22,28,29,67,89,48,93,90],"_links":{"self":[{"href":"http:\/\/sporting-taekwondo.de\/wordpress\/wp-json\/wp\/v2\/posts\/436"}],"collection":[{"href":"http:\/\/sporting-taekwondo.de\/wordpress\/wp-json\/wp\/v2\/posts"}],"about":[{"href":"http:\/\/sporting-taekwondo.de\/wordpress\/wp-json\/wp\/v2\/types\/post"}],"author":[{"embeddable":true,"href":"http:\/\/sporting-taekwondo.de\/wordpress\/wp-json\/wp\/v2\/users\/2"}],"replies":[{"embeddable":true,"href":"http:\/\/sporting-taekwondo.de\/wordpress\/wp-json\/wp\/v2\/comments?post=436"}],"version-history":[{"count":1,"href":"http:\/\/sporting-taekwondo.de\/wordpress\/wp-json\/wp\/v2\/posts\/436\/revisions"}],"predecessor-version":[{"id":439,"href":"http:\/\/sporting-taekwondo.de\/wordpress\/wp-json\/wp\/v2\/posts\/436\/revisions\/439"}],"wp:attachment":[{"href":"http:\/\/sporting-taekwondo.de\/wordpress\/wp-json\/wp\/v2\/media?parent=436"}],"wp:term":[{"taxonomy":"category","embeddable":true,"href":"http:\/\/sporting-taekwondo.de\/wordpress\/wp-json\/wp\/v2\/categories?post=436"},{"taxonomy":"post_tag","embeddable":true,"href":"http:\/\/sporting-taekwondo.de\/wordpress\/wp-json\/wp\/v2\/tags?post=436"}],"curies":[{"name":"wp","href":"https:\/\/api.w.org\/{rel}","templated":true}]}}