{"id":2012,"date":"2025-06-24T20:26:53","date_gmt":"2025-06-24T19:26:53","guid":{"rendered":"http:\/\/sporting-taekwondo.de\/wordpress\/?p=2012"},"modified":"2025-06-24T20:29:39","modified_gmt":"2025-06-24T19:29:39","slug":"silber-und-bronze-bei-der-deutschen-meisterschaft","status":"publish","type":"post","link":"http:\/\/sporting-taekwondo.de\/wordpress\/silber-und-bronze-bei-der-deutschen-meisterschaft\/","title":{"rendered":"Silber und Bronze bei der Deutschen Meisterschaft"},"content":{"rendered":"\n<p><strong>-Shady und Schleifenbaum stolzieren auf nationaler B\u00fchne!<\/strong><\/p>\n\n\n\n<figure class=\"wp-block-image size-large\"><a href=\"http:\/\/sporting-taekwondo.de\/wordpress\/wp-content\/uploads\/2025\/06\/DEM-Jugend.jpg\"><img decoding=\"async\" src=\"http:\/\/sporting-taekwondo.de\/wordpress\/wp-content\/uploads\/2025\/06\/DEM-Jugend-1024x462.jpg\" alt=\"\" class=\"wp-image-2013\"\/><\/a><\/figure>\n\n\n\n<p>Nach intensiver Vorarbeit im Heimatverein, im Training zu Hause und im Landeskader triumphierten zwei Sch\u00fctzlinge Eugen Kiefers bei der Deutschen Meisterschaft der Jugend in D\u00fcsseldorf.<\/p>\n\n\n\n<p>Emma Marilene Schleifenbaum nutzte ihre k\u00f6rperlichen Gegebenheiten optimal und zeigte in ihrem ersten Jahr der A-Jugend als j\u00fcngster Jahrgang, dass sie es mit \u00e4lteren und deutlich erfahreneren Gegnerinnen aufzunehmen wei\u00df. In drei beeindruckenden K\u00e4mpfen avancierte die 14-J\u00e4hrige zur Drittplatzierung und beendete unter anderem gegen eine French-Open-Bronzemedaillengewinnerin (Weltranglistenturnier) den Kampf vorzeitig zu eigenen Gunsten.<\/p>\n\n\n\n<p>Noah Shady bezwang in vier schwierigen K\u00e4mpfen unter anderem zwei Weltmeisterschaftsteilnehmer. Mit klarem Ziel vor Augen und durchsetzungsstark war selbst das Finale gegen einen erfahrenen Kontrahenten schier knapp und der Titel greifbar.<\/p>\n\n\n\n<p>Die Vorbereitungs-, aber auch Tagesleistung der beiden Medaillengewinner ist eine weitere Weichenstellung und Motivation f\u00fcr gro\u00dfe Erfolge in der Zukunft.<\/p>\n\n\n\n<p><\/p>\n","protected":false},"excerpt":{"rendered":"<p>-Shady und Schleifenbaum stolzieren auf nationaler B\u00fchne! Nach intensiver Vorarbeit im Heimatverein, im Training zu Hause und im Landeskader triumphierten zwei Sch\u00fctzlinge Eugen Kiefers bei der Deutschen Meisterschaft der Jugend in D\u00fcsseldorf. Emma Marilene Schleifenbaum nutzte ihre k\u00f6rperlichen Gegebenheiten optimal<\/p>\n","protected":false},"author":2,"featured_media":2013,"comment_status":"closed","ping_status":"closed","sticky":false,"template":"","format":"standard","meta":[],"categories":[1],"tags":[],"_links":{"self":[{"href":"http:\/\/sporting-taekwondo.de\/wordpress\/wp-json\/wp\/v2\/posts\/2012"}],"collection":[{"href":"http:\/\/sporting-taekwondo.de\/wordpress\/wp-json\/wp\/v2\/posts"}],"about":[{"href":"http:\/\/sporting-taekwondo.de\/wordpress\/wp-json\/wp\/v2\/types\/post"}],"author":[{"embeddable":true,"href":"http:\/\/sporting-taekwondo.de\/wordpress\/wp-json\/wp\/v2\/users\/2"}],"replies":[{"embeddable":true,"href":"http:\/\/sporting-taekwondo.de\/wordpress\/wp-json\/wp\/v2\/comments?post=2012"}],"version-history":[{"count":2,"href":"http:\/\/sporting-taekwondo.de\/wordpress\/wp-json\/wp\/v2\/posts\/2012\/revisions"}],"predecessor-version":[{"id":2016,"href":"http:\/\/sporting-taekwondo.de\/wordpress\/wp-json\/wp\/v2\/posts\/2012\/revisions\/2016"}],"wp:featuredmedia":[{"embeddable":true,"href":"http:\/\/sporting-taekwondo.de\/wordpress\/wp-json\/wp\/v2\/media\/2013"}],"wp:attachment":[{"href":"http:\/\/sporting-taekwondo.de\/wordpress\/wp-json\/wp\/v2\/media?parent=2012"}],"wp:term":[{"taxonomy":"category","embeddable":true,"href":"http:\/\/sporting-taekwondo.de\/wordpress\/wp-json\/wp\/v2\/categories?post=2012"},{"taxonomy":"post_tag","embeddable":true,"href":"http:\/\/sporting-taekwondo.de\/wordpress\/wp-json\/wp\/v2\/tags?post=2012"}],"curies":[{"name":"wp","href":"https:\/\/api.w.org\/{rel}","templated":true}]}}