{"id":2009,"date":"2025-06-18T12:30:11","date_gmt":"2025-06-18T11:30:11","guid":{"rendered":"http:\/\/sporting-taekwondo.de\/wordpress\/?p=2009"},"modified":"2025-06-18T12:30:14","modified_gmt":"2025-06-18T11:30:14","slug":"eugen-kiefer-prueft-schwarzgurte-auf-landesebene","status":"publish","type":"post","link":"http:\/\/sporting-taekwondo.de\/wordpress\/eugen-kiefer-prueft-schwarzgurte-auf-landesebene\/","title":{"rendered":"Eugen Kiefer pr\u00fcft Schwarzgurte auf Landesebene"},"content":{"rendered":"\n<figure class=\"wp-block-image size-large\"><a href=\"http:\/\/sporting-taekwondo.de\/wordpress\/wp-content\/uploads\/2025\/06\/Dan-Pruefung-Bornich-2025.jpg\"><img decoding=\"async\" loading=\"lazy\" width=\"1024\" height=\"801\" src=\"http:\/\/sporting-taekwondo.de\/wordpress\/wp-content\/uploads\/2025\/06\/Dan-Pruefung-Bornich-2025-1024x801.jpg\" alt=\"\" class=\"wp-image-2010\" srcset=\"http:\/\/sporting-taekwondo.de\/wordpress\/wp-content\/uploads\/2025\/06\/Dan-Pruefung-Bornich-2025-1024x801.jpg 1024w, http:\/\/sporting-taekwondo.de\/wordpress\/wp-content\/uploads\/2025\/06\/Dan-Pruefung-Bornich-2025-300x235.jpg 300w, http:\/\/sporting-taekwondo.de\/wordpress\/wp-content\/uploads\/2025\/06\/Dan-Pruefung-Bornich-2025-768x601.jpg 768w, http:\/\/sporting-taekwondo.de\/wordpress\/wp-content\/uploads\/2025\/06\/Dan-Pruefung-Bornich-2025.jpg 1242w\" sizes=\"(max-width: 1024px) 100vw, 1024px\" \/><\/a><\/figure>\n\n\n\n<p>Unser Taekwondo-Trainer Eugen Kiefer (SPORTING Taekwondo) gilt in L\u00e4ndergrenzen \u00fcbergreifend nicht nur als Experte f\u00fcr den Leistungssport und Hauptgestalter der Richtlinien f\u00fcr diesen Bereich in Rheinland-Pfalz, sondern auch in traditionellen und breiten sportlichen Bereichen der traditionellen koreanischen Kampfkunst als wichtiger Teil des Landesverbandes.<\/p>\n\n\n\n<p>So wurde er in seiner Funktion als Bundespr\u00fcfer k\u00fcrzlich wieder einmal vom zust\u00e4ndigen Landespr\u00fcfungsreferenten berufen, Pr\u00fcflinge aus dem ganzen Bundesland auf Landesebene zu bewerten.<\/p>\n\n\n\n<p>Bereits einige Monate zuvor gab er gemeinsam mit zwei anderen landespr\u00fcfern den Pr\u00fcflingen gewisse Hinweise zur Verbesserung der einzelnen Pr\u00fcfungsf\u00e4cher, welche durchgehend positiv angenommen und in ein zufriedenstellendes Ergebnis transferiert wurden.<\/p>\n\n\n\n<p>-Alle Pr\u00fcflinge bestanden zum schwarzen G\u00fcrtel.<\/p>\n\n\n\n<p>Seine fachkenntnisse nutzt Kiefer, um bei seinen Sportlern im Verein bereits von Anfang an Grundlagen zu legen, die auf lange Hinsicht bei diesem gro\u00dfen Ziel eines jeden Kampfsportlers zu tragen kommen.<\/p>\n\n\n\n<p>I<\/p>\n","protected":false},"excerpt":{"rendered":"<p>Unser Taekwondo-Trainer Eugen Kiefer (SPORTING Taekwondo) gilt in L\u00e4ndergrenzen \u00fcbergreifend nicht nur als Experte f\u00fcr den Leistungssport und Hauptgestalter der Richtlinien f\u00fcr diesen Bereich in Rheinland-Pfalz, sondern auch in traditionellen und breiten sportlichen Bereichen der traditionellen koreanischen Kampfkunst als wichtiger<\/p>\n","protected":false},"author":2,"featured_media":2010,"comment_status":"closed","ping_status":"closed","sticky":false,"template":"","format":"standard","meta":[],"categories":[1],"tags":[],"_links":{"self":[{"href":"http:\/\/sporting-taekwondo.de\/wordpress\/wp-json\/wp\/v2\/posts\/2009"}],"collection":[{"href":"http:\/\/sporting-taekwondo.de\/wordpress\/wp-json\/wp\/v2\/posts"}],"about":[{"href":"http:\/\/sporting-taekwondo.de\/wordpress\/wp-json\/wp\/v2\/types\/post"}],"author":[{"embeddable":true,"href":"http:\/\/sporting-taekwondo.de\/wordpress\/wp-json\/wp\/v2\/users\/2"}],"replies":[{"embeddable":true,"href":"http:\/\/sporting-taekwondo.de\/wordpress\/wp-json\/wp\/v2\/comments?post=2009"}],"version-history":[{"count":1,"href":"http:\/\/sporting-taekwondo.de\/wordpress\/wp-json\/wp\/v2\/posts\/2009\/revisions"}],"predecessor-version":[{"id":2011,"href":"http:\/\/sporting-taekwondo.de\/wordpress\/wp-json\/wp\/v2\/posts\/2009\/revisions\/2011"}],"wp:featuredmedia":[{"embeddable":true,"href":"http:\/\/sporting-taekwondo.de\/wordpress\/wp-json\/wp\/v2\/media\/2010"}],"wp:attachment":[{"href":"http:\/\/sporting-taekwondo.de\/wordpress\/wp-json\/wp\/v2\/media?parent=2009"}],"wp:term":[{"taxonomy":"category","embeddable":true,"href":"http:\/\/sporting-taekwondo.de\/wordpress\/wp-json\/wp\/v2\/categories?post=2009"},{"taxonomy":"post_tag","embeddable":true,"href":"http:\/\/sporting-taekwondo.de\/wordpress\/wp-json\/wp\/v2\/tags?post=2009"}],"curies":[{"name":"wp","href":"https:\/\/api.w.org\/{rel}","templated":true}]}}