{"id":1882,"date":"2024-08-30T13:25:11","date_gmt":"2024-08-30T12:25:11","guid":{"rendered":"http:\/\/sporting-taekwondo.de\/wordpress\/?p=1882"},"modified":"2024-08-30T13:25:14","modified_gmt":"2024-08-30T12:25:14","slug":"kampfrichterausbildung-und-lizenzverlaengerung-mit-sporting-taekwondo-als-ausrichter","status":"publish","type":"post","link":"http:\/\/sporting-taekwondo.de\/wordpress\/kampfrichterausbildung-und-lizenzverlaengerung-mit-sporting-taekwondo-als-ausrichter\/","title":{"rendered":"Kampfrichterausbildung und Lizenzverl\u00e4ngerung mit SPORTING Taekwondo als Ausrichter"},"content":{"rendered":"\n<figure class=\"wp-block-image size-large\"><a href=\"http:\/\/sporting-taekwondo.de\/wordpress\/wp-content\/uploads\/2024\/08\/Kampfrichter-scaled.jpeg\"><img decoding=\"async\" loading=\"lazy\" width=\"568\" height=\"1024\" src=\"http:\/\/sporting-taekwondo.de\/wordpress\/wp-content\/uploads\/2024\/08\/Kampfrichter-568x1024.jpeg\" alt=\"\" class=\"wp-image-1883\" srcset=\"http:\/\/sporting-taekwondo.de\/wordpress\/wp-content\/uploads\/2024\/08\/Kampfrichter-568x1024.jpeg 568w, http:\/\/sporting-taekwondo.de\/wordpress\/wp-content\/uploads\/2024\/08\/Kampfrichter-166x300.jpeg 166w, http:\/\/sporting-taekwondo.de\/wordpress\/wp-content\/uploads\/2024\/08\/Kampfrichter-768x1386.jpeg 768w, http:\/\/sporting-taekwondo.de\/wordpress\/wp-content\/uploads\/2024\/08\/Kampfrichter-851x1536.jpeg 851w, http:\/\/sporting-taekwondo.de\/wordpress\/wp-content\/uploads\/2024\/08\/Kampfrichter-1135x2048.jpeg 1135w, http:\/\/sporting-taekwondo.de\/wordpress\/wp-content\/uploads\/2024\/08\/Kampfrichter-scaled.jpeg 1419w\" sizes=\"(max-width: 568px) 100vw, 568px\" \/><\/a><\/figure>\n\n\n\n<p>Als Gastgeber zu einer Ausbildung, Fortbildung und Lizenzverl\u00e4ngerung von Landeskampfrichter*innen und -anw\u00e4rter*innen luden die dem Rheinland-Pfalz-Vorstand zugeh\u00f6rige Landeskampfrichterreferentin Jill-Marie Beck und Vereinsvorsitzender Eugen Kiefer (beide SPORTING Taekwondo) Kampfrichter*innen aus Rheinland-Pfalz zu einem zweit\u00e4gigen Aus- und Fortbildungsseminar ein.<\/p>\n\n\n\n<p>Innerhalb besagter Lehrgangsperiode erlangten alle eine sichtliche Steigerung ihrer Kenntnisse und F\u00e4higkeiten, die sie direkt vor Ort in die Praxis umsetzen k\u00f6nnten, da die Ma\u00dfnahme in Vergleichsk\u00e4mpfe innerhalb des RLP-Landeskaders integriert wurde, die Kampfrichter*innen demnach also bestm\u00f6glich an Rahmenbedingungen auf Wettk\u00e4mpfen herangef\u00fchrt wurden.<\/p>\n\n\n\n<p>\u201cFingerspitzengef\u00fchl\u201d ist in der olympischen Sportart gerade auf Seiten des Kampfgerichts (bestehend aus Kampfleitung, Punktegericht, Jury, Waage und Assistenz) gefragt, um die akribischen Regeln an eine spontane Kampfsituation schnellstm\u00f6glich anzuwenden bzw. das Videoreplay richtig zu bewerten.<\/p>\n\n\n\n<p>Die Wochenendma\u00dfnahme war ein voller Erfolg und soll bald, aufgrund der gut geschaffenen Rahmenbedingungen wieder in Altenkirchen unter der Obhut von SPORTING Taekwondo, wiederholt werden.<\/p>\n","protected":false},"excerpt":{"rendered":"<p>Als Gastgeber zu einer Ausbildung, Fortbildung und Lizenzverl\u00e4ngerung von Landeskampfrichter*innen und -anw\u00e4rter*innen luden die dem Rheinland-Pfalz-Vorstand zugeh\u00f6rige Landeskampfrichterreferentin Jill-Marie Beck und Vereinsvorsitzender Eugen Kiefer (beide SPORTING Taekwondo) Kampfrichter*innen aus Rheinland-Pfalz zu einem zweit\u00e4gigen Aus- und Fortbildungsseminar ein. Innerhalb besagter Lehrgangsperiode<\/p>\n","protected":false},"author":2,"featured_media":1883,"comment_status":"closed","ping_status":"closed","sticky":false,"template":"","format":"standard","meta":[],"categories":[1],"tags":[],"_links":{"self":[{"href":"http:\/\/sporting-taekwondo.de\/wordpress\/wp-json\/wp\/v2\/posts\/1882"}],"collection":[{"href":"http:\/\/sporting-taekwondo.de\/wordpress\/wp-json\/wp\/v2\/posts"}],"about":[{"href":"http:\/\/sporting-taekwondo.de\/wordpress\/wp-json\/wp\/v2\/types\/post"}],"author":[{"embeddable":true,"href":"http:\/\/sporting-taekwondo.de\/wordpress\/wp-json\/wp\/v2\/users\/2"}],"replies":[{"embeddable":true,"href":"http:\/\/sporting-taekwondo.de\/wordpress\/wp-json\/wp\/v2\/comments?post=1882"}],"version-history":[{"count":1,"href":"http:\/\/sporting-taekwondo.de\/wordpress\/wp-json\/wp\/v2\/posts\/1882\/revisions"}],"predecessor-version":[{"id":1884,"href":"http:\/\/sporting-taekwondo.de\/wordpress\/wp-json\/wp\/v2\/posts\/1882\/revisions\/1884"}],"wp:featuredmedia":[{"embeddable":true,"href":"http:\/\/sporting-taekwondo.de\/wordpress\/wp-json\/wp\/v2\/media\/1883"}],"wp:attachment":[{"href":"http:\/\/sporting-taekwondo.de\/wordpress\/wp-json\/wp\/v2\/media?parent=1882"}],"wp:term":[{"taxonomy":"category","embeddable":true,"href":"http:\/\/sporting-taekwondo.de\/wordpress\/wp-json\/wp\/v2\/categories?post=1882"},{"taxonomy":"post_tag","embeddable":true,"href":"http:\/\/sporting-taekwondo.de\/wordpress\/wp-json\/wp\/v2\/tags?post=1882"}],"curies":[{"name":"wp","href":"https:\/\/api.w.org\/{rel}","templated":true}]}}