{"id":1879,"date":"2024-08-04T16:28:04","date_gmt":"2024-08-04T15:28:04","guid":{"rendered":"http:\/\/sporting-taekwondo.de\/wordpress\/?p=1879"},"modified":"2024-08-04T16:28:07","modified_gmt":"2024-08-04T15:28:07","slug":"neun-nachwuchsathleten-erarbeiten-sich-den-naechsten-guertel","status":"publish","type":"post","link":"http:\/\/sporting-taekwondo.de\/wordpress\/neun-nachwuchsathleten-erarbeiten-sich-den-naechsten-guertel\/","title":{"rendered":"Neun Nachwuchsathleten erarbeiten sich den n\u00e4chsten G\u00fcrtel"},"content":{"rendered":"\n<figure class=\"wp-block-image size-large\"><a href=\"http:\/\/sporting-taekwondo.de\/wordpress\/wp-content\/uploads\/2024\/08\/9-neue-Guerteltraeger.jpeg\"><img decoding=\"async\" loading=\"lazy\" width=\"768\" height=\"1024\" src=\"http:\/\/sporting-taekwondo.de\/wordpress\/wp-content\/uploads\/2024\/08\/9-neue-Guerteltraeger-768x1024.jpeg\" alt=\"\" class=\"wp-image-1880\" srcset=\"http:\/\/sporting-taekwondo.de\/wordpress\/wp-content\/uploads\/2024\/08\/9-neue-Guerteltraeger-768x1024.jpeg 768w, http:\/\/sporting-taekwondo.de\/wordpress\/wp-content\/uploads\/2024\/08\/9-neue-Guerteltraeger-225x300.jpeg 225w, http:\/\/sporting-taekwondo.de\/wordpress\/wp-content\/uploads\/2024\/08\/9-neue-Guerteltraeger-1152x1536.jpeg 1152w, http:\/\/sporting-taekwondo.de\/wordpress\/wp-content\/uploads\/2024\/08\/9-neue-Guerteltraeger.jpeg 1200w\" sizes=\"(max-width: 768px) 100vw, 768px\" \/><\/a><\/figure>\n\n\n\n<p><\/p>\n\n\n\n<p>Die 5- bis 9-j\u00e4hrigen Pr\u00fcflinge mussten sich vor den strengen Augen von DTU-Bundespr\u00fcfer Eugen Kiefer in den Teildisziplinen Grundschule, Einschrittkampf, Olympischer Freikampf, Formen, Pratzentraining,Stepping und Theorie beweisen.<\/p>\n\n\n\n<p>Unter teils gro\u00dfer Nervosit\u00e4t absolvierten alle Sportler*innen die einzelnen Pr\u00fcfungsf\u00e4cher und d\u00fcrfen ab sofort, begleitend zum traditionellen Taekwondo-Anzug (Dobok) einen jeweils h\u00f6heren G\u00fcrtel als zuvor anlegen.<\/p>\n\n\n\n<p>Im Einzelnen bedeutet dies folgende neue Graduierung en f\u00fcr die jeweiligen Athlet*innen:<\/p>\n\n\n\n<p>9. Kup \/ WEI\u1e9e-GELB:<\/p>\n\n\n\n<p>Miron Poterucha, Karina Poterucha<\/p>\n\n\n\n<p>8. Kup \/ GELB:<\/p>\n\n\n\n<p>Raphael Jungbluth, Louie Tyron Vierschilling, Hannah Malia Sommer<\/p>\n\n\n\n<p>7. Kup \/ GELB-GR\u00dcN:<\/p>\n\n\n\n<p>Mats Zechlin<\/p>\n\n\n\n<p>6. Kup \/ GR\u00dcN:<\/p>\n\n\n\n<p>Till Avdienko, Sofia Niziol, Gabriel Jungbluth<\/p>\n\n\n\n<p>Der Verein gratulierte jedem Pr\u00fcfling zur guten Leistung und zum Ergebnis und k\u00fcrte Gabriel Jungbluth f\u00fcr die beste Tagesleistung.<\/p>\n\n\n\n<p><\/p>\n","protected":false},"excerpt":{"rendered":"<p>Die 5- bis 9-j\u00e4hrigen Pr\u00fcflinge mussten sich vor den strengen Augen von DTU-Bundespr\u00fcfer Eugen Kiefer in den Teildisziplinen Grundschule, Einschrittkampf, Olympischer Freikampf, Formen, Pratzentraining,Stepping und Theorie beweisen. Unter teils gro\u00dfer Nervosit\u00e4t absolvierten alle Sportler*innen die einzelnen Pr\u00fcfungsf\u00e4cher und d\u00fcrfen ab<\/p>\n","protected":false},"author":2,"featured_media":1880,"comment_status":"closed","ping_status":"closed","sticky":false,"template":"","format":"standard","meta":[],"categories":[1],"tags":[],"_links":{"self":[{"href":"http:\/\/sporting-taekwondo.de\/wordpress\/wp-json\/wp\/v2\/posts\/1879"}],"collection":[{"href":"http:\/\/sporting-taekwondo.de\/wordpress\/wp-json\/wp\/v2\/posts"}],"about":[{"href":"http:\/\/sporting-taekwondo.de\/wordpress\/wp-json\/wp\/v2\/types\/post"}],"author":[{"embeddable":true,"href":"http:\/\/sporting-taekwondo.de\/wordpress\/wp-json\/wp\/v2\/users\/2"}],"replies":[{"embeddable":true,"href":"http:\/\/sporting-taekwondo.de\/wordpress\/wp-json\/wp\/v2\/comments?post=1879"}],"version-history":[{"count":1,"href":"http:\/\/sporting-taekwondo.de\/wordpress\/wp-json\/wp\/v2\/posts\/1879\/revisions"}],"predecessor-version":[{"id":1881,"href":"http:\/\/sporting-taekwondo.de\/wordpress\/wp-json\/wp\/v2\/posts\/1879\/revisions\/1881"}],"wp:featuredmedia":[{"embeddable":true,"href":"http:\/\/sporting-taekwondo.de\/wordpress\/wp-json\/wp\/v2\/media\/1880"}],"wp:attachment":[{"href":"http:\/\/sporting-taekwondo.de\/wordpress\/wp-json\/wp\/v2\/media?parent=1879"}],"wp:term":[{"taxonomy":"category","embeddable":true,"href":"http:\/\/sporting-taekwondo.de\/wordpress\/wp-json\/wp\/v2\/categories?post=1879"},{"taxonomy":"post_tag","embeddable":true,"href":"http:\/\/sporting-taekwondo.de\/wordpress\/wp-json\/wp\/v2\/tags?post=1879"}],"curies":[{"name":"wp","href":"https:\/\/api.w.org\/{rel}","templated":true}]}}