{"id":1869,"date":"2024-07-15T15:38:57","date_gmt":"2024-07-15T14:38:57","guid":{"rendered":"http:\/\/sporting-taekwondo.de\/wordpress\/?p=1869"},"modified":"2024-07-15T15:39:00","modified_gmt":"2024-07-15T14:39:00","slug":"eugen-kiefer-holt-rheinland-pfalz-kadermassnahme-nach-altenkirchen","status":"publish","type":"post","link":"http:\/\/sporting-taekwondo.de\/wordpress\/eugen-kiefer-holt-rheinland-pfalz-kadermassnahme-nach-altenkirchen\/","title":{"rendered":"Eugen Kiefer holt Rheinland-Pfalz-Kaderma\u00dfnahme nach Altenkirchen"},"content":{"rendered":"\n<p>Nach erfolgreichem Etablieren fester Kaderkriterien durch den SPORTING Haupttrainer Eugen Kiefer (hier in seiner Funktion als Vorstandsmitglied im Landesverband) und dem Schaffen eines Landeskaders nach transparenten Leistungskriterien, galt es nun, die sich in den letzten 2 Jahren auf hohen Niveaustufen bewiesenen Kaderathleten in einem gemeinsamen Wochenendlehrgang zusammenzubringen und voneinander sowie von verschiedenen Trainereinfl\u00fcssen profitieren zu lassen.<\/p>\n\n\n\n<p>Neben intensiven Trainings- und Sparringseinheiten legte man Augenmerk auf akribische Umsetzung der aktuellen Wettkampfregeln, die durch lizenzierte und angehende Kampfrichter*innen w\u00e4hrend der K\u00e4mpfe (unter der Leitung von SPORTING-Athletin Jill-Marie Beck, hier in Funktion als Landeskampfrichterreferentin), optimierten Umgang mit den 2 professionellen elektronischen Wertungssystemen von Dae Do und KPNP sowie Teambildung in Form von gemeinsamer \u00dcbernachtung in der Evangelischen Akademie f\u00fcr Land und Jugend in Altenkirchen, Fr\u00fchtraining im Team und gemeinsamen Mahlzeiten (vor und zwischen den Einheiten durch schnelle Kohlenhydrate zum schnellen Glykogenspeicherausgleich, am Abend vollwertig durch Unterst\u00fctzung des Restaurants Lotus).<\/p>\n\n\n\n<p>Kiefer freute sich nach intensiver Organisation \u00fcber das positive Ergebnis, was in den R\u00fcckmeldungen der mit angereisten Trainer*innen und Sportler*innen, aber auch Kampfrichter*innen, vor allem der von Weitem angereisten, verdeutlicht wurde und deswegen wieder im von SPORTING Taekwondo betriebenen Rheinland-Pf\u00e4lzischen Landesst\u00fctzpunkt in Altenkirchen wiederholt werden soll.<\/p>\n\n\n\n<p>Die Vereinsarbeit betreibt SPORTING Taekwondo &nbsp;nach wie vor weiterhin mit immer neu optimierten Konzepten.<\/p>\n\n\n\n<figure class=\"wp-block-image size-large\"><a href=\"http:\/\/sporting-taekwondo.de\/wordpress\/wp-content\/uploads\/2024\/07\/Kaderlehrgang-Team.jpeg\"><img decoding=\"async\" loading=\"lazy\" width=\"1024\" height=\"768\" src=\"http:\/\/sporting-taekwondo.de\/wordpress\/wp-content\/uploads\/2024\/07\/Kaderlehrgang-Team-1024x768.jpeg\" alt=\"\" class=\"wp-image-1870\" srcset=\"http:\/\/sporting-taekwondo.de\/wordpress\/wp-content\/uploads\/2024\/07\/Kaderlehrgang-Team-1024x768.jpeg 1024w, http:\/\/sporting-taekwondo.de\/wordpress\/wp-content\/uploads\/2024\/07\/Kaderlehrgang-Team-300x225.jpeg 300w, http:\/\/sporting-taekwondo.de\/wordpress\/wp-content\/uploads\/2024\/07\/Kaderlehrgang-Team-768x576.jpeg 768w, http:\/\/sporting-taekwondo.de\/wordpress\/wp-content\/uploads\/2024\/07\/Kaderlehrgang-Team-1536x1152.jpeg 1536w, http:\/\/sporting-taekwondo.de\/wordpress\/wp-content\/uploads\/2024\/07\/Kaderlehrgang-Team.jpeg 1600w\" sizes=\"(max-width: 1024px) 100vw, 1024px\" \/><\/a><\/figure>\n","protected":false},"excerpt":{"rendered":"<p>Nach erfolgreichem Etablieren fester Kaderkriterien durch den SPORTING Haupttrainer Eugen Kiefer (hier in seiner Funktion als Vorstandsmitglied im Landesverband) und dem Schaffen eines Landeskaders nach transparenten Leistungskriterien, galt es nun, die sich in den letzten 2 Jahren auf hohen Niveaustufen<\/p>\n","protected":false},"author":2,"featured_media":1870,"comment_status":"closed","ping_status":"closed","sticky":false,"template":"","format":"standard","meta":[],"categories":[1],"tags":[],"_links":{"self":[{"href":"http:\/\/sporting-taekwondo.de\/wordpress\/wp-json\/wp\/v2\/posts\/1869"}],"collection":[{"href":"http:\/\/sporting-taekwondo.de\/wordpress\/wp-json\/wp\/v2\/posts"}],"about":[{"href":"http:\/\/sporting-taekwondo.de\/wordpress\/wp-json\/wp\/v2\/types\/post"}],"author":[{"embeddable":true,"href":"http:\/\/sporting-taekwondo.de\/wordpress\/wp-json\/wp\/v2\/users\/2"}],"replies":[{"embeddable":true,"href":"http:\/\/sporting-taekwondo.de\/wordpress\/wp-json\/wp\/v2\/comments?post=1869"}],"version-history":[{"count":1,"href":"http:\/\/sporting-taekwondo.de\/wordpress\/wp-json\/wp\/v2\/posts\/1869\/revisions"}],"predecessor-version":[{"id":1871,"href":"http:\/\/sporting-taekwondo.de\/wordpress\/wp-json\/wp\/v2\/posts\/1869\/revisions\/1871"}],"wp:featuredmedia":[{"embeddable":true,"href":"http:\/\/sporting-taekwondo.de\/wordpress\/wp-json\/wp\/v2\/media\/1870"}],"wp:attachment":[{"href":"http:\/\/sporting-taekwondo.de\/wordpress\/wp-json\/wp\/v2\/media?parent=1869"}],"wp:term":[{"taxonomy":"category","embeddable":true,"href":"http:\/\/sporting-taekwondo.de\/wordpress\/wp-json\/wp\/v2\/categories?post=1869"},{"taxonomy":"post_tag","embeddable":true,"href":"http:\/\/sporting-taekwondo.de\/wordpress\/wp-json\/wp\/v2\/tags?post=1869"}],"curies":[{"name":"wp","href":"https:\/\/api.w.org\/{rel}","templated":true}]}}