{"id":1846,"date":"2024-05-29T14:55:51","date_gmt":"2024-05-29T13:55:51","guid":{"rendered":"http:\/\/sporting-taekwondo.de\/wordpress\/?p=1846"},"modified":"2024-05-29T14:55:54","modified_gmt":"2024-05-29T13:55:54","slug":"sporting-gewinnt-den-sauerland-cup","status":"publish","type":"post","link":"http:\/\/sporting-taekwondo.de\/wordpress\/sporting-gewinnt-den-sauerland-cup\/","title":{"rendered":"SPORTING gewinnt den Sauerland-Cup!"},"content":{"rendered":"\n<figure class=\"wp-block-image size-large\"><a href=\"http:\/\/sporting-taekwondo.de\/wordpress\/wp-content\/uploads\/2024\/05\/Sauerland-Cup-2024.jpeg\"><img decoding=\"async\" loading=\"lazy\" width=\"1024\" height=\"860\" src=\"http:\/\/sporting-taekwondo.de\/wordpress\/wp-content\/uploads\/2024\/05\/Sauerland-Cup-2024-1024x860.jpeg\" alt=\"\" class=\"wp-image-1847\" srcset=\"http:\/\/sporting-taekwondo.de\/wordpress\/wp-content\/uploads\/2024\/05\/Sauerland-Cup-2024-1024x860.jpeg 1024w, http:\/\/sporting-taekwondo.de\/wordpress\/wp-content\/uploads\/2024\/05\/Sauerland-Cup-2024-300x252.jpeg 300w, http:\/\/sporting-taekwondo.de\/wordpress\/wp-content\/uploads\/2024\/05\/Sauerland-Cup-2024-768x645.jpeg 768w, http:\/\/sporting-taekwondo.de\/wordpress\/wp-content\/uploads\/2024\/05\/Sauerland-Cup-2024-1536x1289.jpeg 1536w, http:\/\/sporting-taekwondo.de\/wordpress\/wp-content\/uploads\/2024\/05\/Sauerland-Cup-2024.jpeg 1600w\" sizes=\"(max-width: 1024px) 100vw, 1024px\" \/><\/a><\/figure>\n\n\n\n<p><\/p>\n\n\n\n<p>In Warstein ging es f\u00fcr Nachwuchs- und Perspektivsportler im Olympischen Taekwondo um begehrte Troph\u00e4en.<\/p>\n\n\n\n<p>Das Deb\u00fct dieses Wettkampfs, ausgelegt bot der h\u00f6chsten Leistungsklasse keine Startberechtigung, um sich vollends auf die Athleten der neuen Generation zu konzentrieren.<\/p>\n\n\n\n<p>SPORTING-Gr\u00fcnder Eugen Kiefer leitete unter Einbezug der Hilfscoaches Ronja Maria Jungbluth, Noah Shady und Maik Schulz (beide im Besitz des Schwarzen G\u00fcrtels) erfolgreich zu ihren individuellen sportlichen Entwicklungsschritten bei dieser Turniererfahrung. Das Coach-Quartett katapultiere das Team zur mit Abstand besten Mannschaft dieses Turniers, was sich im folgender Medaillenbilanz widerspiegelt:<\/p>\n\n\n\n<p><strong>PLATZ 1:<\/strong><\/p>\n\n\n\n<p>Noah Klassert<\/p>\n\n\n\n<p>Paul Krongart<\/p>\n\n\n\n<p>Zoey Nedic<\/p>\n\n\n\n<p>Gabriel Jungbluth<\/p>\n\n\n\n<p>Marc Schmitz<\/p>\n\n\n\n<p>Amely Kuznecova&nbsp;&nbsp;&nbsp;&nbsp;&nbsp;&nbsp;&nbsp;&nbsp;<\/p>\n\n\n\n<p>Julia Schwarz<\/p>\n\n\n\n<p>Lara Schmitz<\/p>\n\n\n\n<p><strong>PLATZ 2:<\/strong><\/p>\n\n\n\n<p>Taylor Asbeck<\/p>\n\n\n\n<p>Ali Lian Zejneli<\/p>\n\n\n\n<p>Luis Schulz<\/p>\n\n\n\n<p>Lena Wrobel<\/p>\n\n\n\n<p>Jonathan M\u00f6ller<\/p>\n\n\n\n<p>Afan Muhedin<\/p>\n\n\n\n<p><strong>PLATZ 3:<\/strong><\/p>\n\n\n\n<p>Maira Sand<\/p>\n\n\n\n<p>Mats Zechlin<\/p>\n\n\n\n<p>Sadaf Katherie<\/p>\n\n\n\n<p>Savelij Hermann<\/p>\n\n\n\n<p>Bohdan Blyzniuk<\/p>\n\n\n\n<p>Giacomo Qitadamo<\/p>\n\n\n\n<p>Annemarie M\u00f6ller<\/p>\n\n\n\n<p>Trainingsinhalte wurden hier bravour\u00f6s ins Kampfgeschehen transferiert sowie eigene Raffinessen der Sportler*innen und Coaches angewendet, was die einzelnen Siege zus\u00e4tzlich aufwertet.<\/p>\n\n\n\n<p><\/p>\n","protected":false},"excerpt":{"rendered":"<p>In Warstein ging es f\u00fcr Nachwuchs- und Perspektivsportler im Olympischen Taekwondo um begehrte Troph\u00e4en. Das Deb\u00fct dieses Wettkampfs, ausgelegt bot der h\u00f6chsten Leistungsklasse keine Startberechtigung, um sich vollends auf die Athleten der neuen Generation zu konzentrieren. SPORTING-Gr\u00fcnder Eugen Kiefer leitete<\/p>\n","protected":false},"author":2,"featured_media":1847,"comment_status":"closed","ping_status":"closed","sticky":false,"template":"","format":"standard","meta":[],"categories":[1],"tags":[],"_links":{"self":[{"href":"http:\/\/sporting-taekwondo.de\/wordpress\/wp-json\/wp\/v2\/posts\/1846"}],"collection":[{"href":"http:\/\/sporting-taekwondo.de\/wordpress\/wp-json\/wp\/v2\/posts"}],"about":[{"href":"http:\/\/sporting-taekwondo.de\/wordpress\/wp-json\/wp\/v2\/types\/post"}],"author":[{"embeddable":true,"href":"http:\/\/sporting-taekwondo.de\/wordpress\/wp-json\/wp\/v2\/users\/2"}],"replies":[{"embeddable":true,"href":"http:\/\/sporting-taekwondo.de\/wordpress\/wp-json\/wp\/v2\/comments?post=1846"}],"version-history":[{"count":1,"href":"http:\/\/sporting-taekwondo.de\/wordpress\/wp-json\/wp\/v2\/posts\/1846\/revisions"}],"predecessor-version":[{"id":1848,"href":"http:\/\/sporting-taekwondo.de\/wordpress\/wp-json\/wp\/v2\/posts\/1846\/revisions\/1848"}],"wp:featuredmedia":[{"embeddable":true,"href":"http:\/\/sporting-taekwondo.de\/wordpress\/wp-json\/wp\/v2\/media\/1847"}],"wp:attachment":[{"href":"http:\/\/sporting-taekwondo.de\/wordpress\/wp-json\/wp\/v2\/media?parent=1846"}],"wp:term":[{"taxonomy":"category","embeddable":true,"href":"http:\/\/sporting-taekwondo.de\/wordpress\/wp-json\/wp\/v2\/categories?post=1846"},{"taxonomy":"post_tag","embeddable":true,"href":"http:\/\/sporting-taekwondo.de\/wordpress\/wp-json\/wp\/v2\/tags?post=1846"}],"curies":[{"name":"wp","href":"https:\/\/api.w.org\/{rel}","templated":true}]}}