{"id":1730,"date":"2023-10-04T11:23:25","date_gmt":"2023-10-04T10:23:25","guid":{"rendered":"http:\/\/sporting-taekwondo.de\/wordpress\/?p=1730"},"modified":"2023-10-04T11:23:25","modified_gmt":"2023-10-04T10:23:25","slug":"bechari-holt-auch-in-oesterreich-den-sieg","status":"publish","type":"post","link":"http:\/\/sporting-taekwondo.de\/wordpress\/bechari-holt-auch-in-oesterreich-den-sieg\/","title":{"rendered":"Bechari holt auch in \u00d6sterreich den Sieg"},"content":{"rendered":"<p><a href=\"http:\/\/sporting-taekwondo.de\/wordpress\/wp-content\/uploads\/2023\/10\/Austrian-Open-2023.jpeg\"><img decoding=\"async\" loading=\"lazy\" class=\"alignnone size-medium wp-image-1731\" src=\"http:\/\/sporting-taekwondo.de\/wordpress\/wp-content\/uploads\/2023\/10\/Austrian-Open-2023-225x300.jpeg\" alt=\"Austrian Open 2023\" width=\"225\" height=\"300\" srcset=\"http:\/\/sporting-taekwondo.de\/wordpress\/wp-content\/uploads\/2023\/10\/Austrian-Open-2023-225x300.jpeg 225w, http:\/\/sporting-taekwondo.de\/wordpress\/wp-content\/uploads\/2023\/10\/Austrian-Open-2023-768x1024.jpeg 768w, http:\/\/sporting-taekwondo.de\/wordpress\/wp-content\/uploads\/2023\/10\/Austrian-Open-2023.jpeg 1200w\" sizes=\"(max-width: 225px) 100vw, 225px\" \/><\/a><\/p>\n<p>Nach dem Sieg beim Weltranglistenturnier in den Niederlanden f\u00e4hrt der Kadersportler Amin Bechari (SPORTING Taekwondo) seine Erfolgsserie auf internationaler B\u00fchne fort und gewinnt auch das global hochkar\u00e4tige Turnier in \u00d6sterreich.<\/p>\n<p>Die Mindestvoraussetzung f\u00fcr eine Qualifizierung zur WM in Sarajevo, welche der 14-j\u00e4hrige Gymnasiast durch die Goldmedaille bei den Dutch Open bereits erreicht hatte, untermauert der amtierende Deutsche Meister mit diesem Sieg noch weiter.<\/p>\n<p>Kadersportler Jan Wiedemann (SPORTING Taekwondo) marschiert anfechtungslos durchs Achtelfinale gegen einen Italienischen Kontrahenten, welchen er vorzeitig durch zwei \u00fcberlegen gewonnene Runden besiegt. Er muss sich anschlie\u00dfend einem weiteren Italiener im Medaillenkampf jedoch knapp durch zwei Punkte Unterschied geschlagen geben.<\/p>\n<p>&#8222;Das Mithalten auf Weltebene wird durch dieses Turnier weiter best\u00e4tigt&#8220;, so Eugen Kiefer (Rheinland-Pf\u00e4lzischer Vizepr\u00e4sident Leistungssport) am Ende dieses erfolgreichen Turniertags.<\/p>\n<p>&nbsp;<\/p>\n","protected":false},"excerpt":{"rendered":"<p>Nach dem Sieg beim Weltranglistenturnier in den Niederlanden f\u00e4hrt der Kadersportler Amin Bechari (SPORTING Taekwondo) seine Erfolgsserie auf internationaler B\u00fchne fort und gewinnt auch das global hochkar\u00e4tige Turnier in \u00d6sterreich. Die Mindestvoraussetzung f\u00fcr eine Qualifizierung zur WM in Sarajevo, welche<\/p>\n","protected":false},"author":2,"featured_media":1731,"comment_status":"closed","ping_status":"closed","sticky":false,"template":"","format":"standard","meta":[],"categories":[62,12,61],"tags":[361,16,247],"_links":{"self":[{"href":"http:\/\/sporting-taekwondo.de\/wordpress\/wp-json\/wp\/v2\/posts\/1730"}],"collection":[{"href":"http:\/\/sporting-taekwondo.de\/wordpress\/wp-json\/wp\/v2\/posts"}],"about":[{"href":"http:\/\/sporting-taekwondo.de\/wordpress\/wp-json\/wp\/v2\/types\/post"}],"author":[{"embeddable":true,"href":"http:\/\/sporting-taekwondo.de\/wordpress\/wp-json\/wp\/v2\/users\/2"}],"replies":[{"embeddable":true,"href":"http:\/\/sporting-taekwondo.de\/wordpress\/wp-json\/wp\/v2\/comments?post=1730"}],"version-history":[{"count":1,"href":"http:\/\/sporting-taekwondo.de\/wordpress\/wp-json\/wp\/v2\/posts\/1730\/revisions"}],"predecessor-version":[{"id":1732,"href":"http:\/\/sporting-taekwondo.de\/wordpress\/wp-json\/wp\/v2\/posts\/1730\/revisions\/1732"}],"wp:featuredmedia":[{"embeddable":true,"href":"http:\/\/sporting-taekwondo.de\/wordpress\/wp-json\/wp\/v2\/media\/1731"}],"wp:attachment":[{"href":"http:\/\/sporting-taekwondo.de\/wordpress\/wp-json\/wp\/v2\/media?parent=1730"}],"wp:term":[{"taxonomy":"category","embeddable":true,"href":"http:\/\/sporting-taekwondo.de\/wordpress\/wp-json\/wp\/v2\/categories?post=1730"},{"taxonomy":"post_tag","embeddable":true,"href":"http:\/\/sporting-taekwondo.de\/wordpress\/wp-json\/wp\/v2\/tags?post=1730"}],"curies":[{"name":"wp","href":"https:\/\/api.w.org\/{rel}","templated":true}]}}