{"id":1703,"date":"2023-08-17T13:44:14","date_gmt":"2023-08-17T12:44:14","guid":{"rendered":"http:\/\/sporting-taekwondo.de\/wordpress\/?p=1703"},"modified":"2023-08-17T13:44:14","modified_gmt":"2023-08-17T12:44:14","slug":"die-berechtigung-und-pflicht-den-naechsten-guertel-zu-tragen","status":"publish","type":"post","link":"http:\/\/sporting-taekwondo.de\/wordpress\/die-berechtigung-und-pflicht-den-naechsten-guertel-zu-tragen\/","title":{"rendered":"\u2026die Berechtigung und Pflicht, den n\u00e4chsten G\u00fcrtel zu tragen."},"content":{"rendered":"<p><a href=\"http:\/\/sporting-taekwondo.de\/wordpress\/wp-content\/uploads\/2023\/08\/Pr\u00fcfung-Linden-Juli-2023-1.jpeg\"><img decoding=\"async\" loading=\"lazy\" class=\"alignnone size-medium wp-image-1704\" src=\"http:\/\/sporting-taekwondo.de\/wordpress\/wp-content\/uploads\/2023\/08\/Pr\u00fcfung-Linden-Juli-2023-1-300x177.jpeg\" alt=\"Pr\u00fcfung Linden Juli 2023 - 1\" width=\"300\" height=\"177\" srcset=\"http:\/\/sporting-taekwondo.de\/wordpress\/wp-content\/uploads\/2023\/08\/Pr\u00fcfung-Linden-Juli-2023-1-300x177.jpeg 300w, http:\/\/sporting-taekwondo.de\/wordpress\/wp-content\/uploads\/2023\/08\/Pr\u00fcfung-Linden-Juli-2023-1-1024x603.jpeg 1024w, http:\/\/sporting-taekwondo.de\/wordpress\/wp-content\/uploads\/2023\/08\/Pr\u00fcfung-Linden-Juli-2023-1.jpeg 1699w\" sizes=\"(max-width: 300px) 100vw, 300px\" \/><\/a> <a href=\"http:\/\/sporting-taekwondo.de\/wordpress\/wp-content\/uploads\/2023\/08\/Pr\u00fcfung-Linden-Juli-2023-2.jpeg\"><img decoding=\"async\" loading=\"lazy\" class=\"alignnone size-medium wp-image-1705\" src=\"http:\/\/sporting-taekwondo.de\/wordpress\/wp-content\/uploads\/2023\/08\/Pr\u00fcfung-Linden-Juli-2023-2-300x165.jpeg\" alt=\"Pr\u00fcfung Linden Juli 2023 - 2\" width=\"300\" height=\"165\" srcset=\"http:\/\/sporting-taekwondo.de\/wordpress\/wp-content\/uploads\/2023\/08\/Pr\u00fcfung-Linden-Juli-2023-2-300x165.jpeg 300w, http:\/\/sporting-taekwondo.de\/wordpress\/wp-content\/uploads\/2023\/08\/Pr\u00fcfung-Linden-Juli-2023-2-1024x565.jpeg 1024w, http:\/\/sporting-taekwondo.de\/wordpress\/wp-content\/uploads\/2023\/08\/Pr\u00fcfung-Linden-Juli-2023-2.jpeg 1742w\" sizes=\"(max-width: 300px) 100vw, 300px\" \/><\/a><\/p>\n<p>Techniklehre mit Terminilogie, Bewegungsformen, Vollkontaktwettkampf, Pratzentraining, Theorie, Bruchtest, Selbstverteidigung und Einschrittkampf.<\/p>\n<p>-Dies sind die Pr\u00fcfungsf\u00e4cher, denen man sich bei einer Taekwondo-Pr\u00fcfung zu stellen hat.<\/p>\n<p>Dies taten einige Athleten des im breiten regionalen Umkreises erfolgreichsten Taekwondo-Verein SPORTING Taekwondo.<\/p>\n<p>Und alle bestanden mit Bravour!<\/p>\n<p>Im den Regularien steht w\u00f6rtlich, jeder erfolgreiche Pr\u00fcfling habe damit &#8222;die Berechtigung und Verpflichtung, den n\u00e4chst h\u00f6heren G\u00fcrtel zum Dobok [wei\u00dfer Taekwondo-Anzug] zu tragen&#8220;.<\/p>\n<p>Bundespr\u00fcfer Eugen Kiefer und der gesamte Verein gratuliert folgenden Pr\u00fcflingen zum Bestehen der n\u00e4chsten Graduierung:<\/p>\n<p>&nbsp;<\/p>\n<p>Wei\u00df-Gelb:<\/p>\n<p>Yelisey Zavhorodnii, Artem Kolodazhienski, Ariadna Zavhorodnia, Sofia Zavhorodnia<\/p>\n<p>&nbsp;<\/p>\n<p>Gelb:<\/p>\n<p>Maxim Bondar, Laith Walter, Paulina Fuchs, Max Bauer, Michael Gerbershagen, Juna Klassert, Marco Gigliotti, Louana Fuchs, Paulina Gigliotti, Valerie Nolting, Annemarie M\u00f6ller, Vincent Nolting, Maximilian Neumann, Daniel Havrylov, Yasin Kagba, Mariia Kuriacha<\/p>\n<p>&nbsp;<\/p>\n<p>Gr\u00fcn:<\/p>\n<p>Elias Wagner<\/p>\n<p>&nbsp;<\/p>\n<p>Gr\u00fcn-Blau:<\/p>\n<p>Mariam Fallaha, Vassilissa Kekk, Bayan Fallaha<\/p>\n<p>&nbsp;<\/p>\n<p>Blau:<\/p>\n<p>Seyma Turhan, Amin Bechari<\/p>\n<p>&nbsp;<\/p>\n<p>Als beste Pr\u00fcflinge wurden Bayan Fallaha und Vincent Nolting mit einer Troph\u00e4e zus\u00e4tzlich honoriert.<\/p>\n<p>&nbsp;<\/p>\n<p>Zum bald startenden Anf\u00e4ngerkurs kann man sich nich unter folgenden Kontaktdaten anmelden:<\/p>\n<p>&nbsp;<\/p>\n<p>&nbsp;<\/p>\n","protected":false},"excerpt":{"rendered":"<p>Techniklehre mit Terminilogie, Bewegungsformen, Vollkontaktwettkampf, Pratzentraining, Theorie, Bruchtest, Selbstverteidigung und Einschrittkampf. -Dies sind die Pr\u00fcfungsf\u00e4cher, denen man sich bei einer Taekwondo-Pr\u00fcfung zu stellen hat. Dies taten einige Athleten des im breiten regionalen Umkreises erfolgreichsten Taekwondo-Verein SPORTING Taekwondo. Und alle bestanden<\/p>\n","protected":false},"author":2,"featured_media":1704,"comment_status":"closed","ping_status":"closed","sticky":false,"template":"","format":"standard","meta":[],"categories":[59],"tags":[361,479,359,482,485,16,474,470,476,475,360,484,472,469,481,473,471,477,308,478,384,480,483],"_links":{"self":[{"href":"http:\/\/sporting-taekwondo.de\/wordpress\/wp-json\/wp\/v2\/posts\/1703"}],"collection":[{"href":"http:\/\/sporting-taekwondo.de\/wordpress\/wp-json\/wp\/v2\/posts"}],"about":[{"href":"http:\/\/sporting-taekwondo.de\/wordpress\/wp-json\/wp\/v2\/types\/post"}],"author":[{"embeddable":true,"href":"http:\/\/sporting-taekwondo.de\/wordpress\/wp-json\/wp\/v2\/users\/2"}],"replies":[{"embeddable":true,"href":"http:\/\/sporting-taekwondo.de\/wordpress\/wp-json\/wp\/v2\/comments?post=1703"}],"version-history":[{"count":1,"href":"http:\/\/sporting-taekwondo.de\/wordpress\/wp-json\/wp\/v2\/posts\/1703\/revisions"}],"predecessor-version":[{"id":1706,"href":"http:\/\/sporting-taekwondo.de\/wordpress\/wp-json\/wp\/v2\/posts\/1703\/revisions\/1706"}],"wp:featuredmedia":[{"embeddable":true,"href":"http:\/\/sporting-taekwondo.de\/wordpress\/wp-json\/wp\/v2\/media\/1704"}],"wp:attachment":[{"href":"http:\/\/sporting-taekwondo.de\/wordpress\/wp-json\/wp\/v2\/media?parent=1703"}],"wp:term":[{"taxonomy":"category","embeddable":true,"href":"http:\/\/sporting-taekwondo.de\/wordpress\/wp-json\/wp\/v2\/categories?post=1703"},{"taxonomy":"post_tag","embeddable":true,"href":"http:\/\/sporting-taekwondo.de\/wordpress\/wp-json\/wp\/v2\/tags?post=1703"}],"curies":[{"name":"wp","href":"https:\/\/api.w.org\/{rel}","templated":true}]}}