{"id":1591,"date":"2022-02-10T00:41:15","date_gmt":"2022-02-09T23:41:15","guid":{"rendered":"http:\/\/sporting-taekwondo.de\/wordpress\/?p=1591"},"modified":"2022-02-10T00:41:15","modified_gmt":"2022-02-09T23:41:15","slug":"neue-guertel-fuer-die-juengsten","status":"publish","type":"post","link":"http:\/\/sporting-taekwondo.de\/wordpress\/neue-guertel-fuer-die-juengsten\/","title":{"rendered":"Neue G\u00fcrtel f\u00fcr die J\u00fcngsten"},"content":{"rendered":"<p><a href=\"http:\/\/sporting-taekwondo.de\/wordpress\/wp-content\/uploads\/2022\/02\/20211210_1559200.jpg\"><img decoding=\"async\" loading=\"lazy\" class=\"alignnone size-medium wp-image-1592\" src=\"http:\/\/sporting-taekwondo.de\/wordpress\/wp-content\/uploads\/2022\/02\/20211210_1559200-300x225.jpg\" alt=\"20211210_155920(0)\" width=\"300\" height=\"225\" srcset=\"http:\/\/sporting-taekwondo.de\/wordpress\/wp-content\/uploads\/2022\/02\/20211210_1559200-300x225.jpg 300w, http:\/\/sporting-taekwondo.de\/wordpress\/wp-content\/uploads\/2022\/02\/20211210_1559200-1024x768.jpg 1024w\" sizes=\"(max-width: 300px) 100vw, 300px\" \/><\/a><\/p>\n<p>Wer sich Ziele setzt, wird alleine durch den Weg dorthin eine Entwicklung erleben. Umso sch\u00f6ner, wenn die Ziele auch erreicht werden.<\/p>\n<p>In den Disziplin Grundschule, olympischer Vollkontakt, Einschrittkampf, koreanische Terminologie, traditionelle Bewegungsformen, Stepping und Theorie konnte die j\u00fcngste Nachwuchsgruppe von SPORTING Taekwondo wie folgt eine neue G\u00fcrtelfarbe und damit einhergehend eine weitere Eintragung im Sportausweis erlangen:<\/p>\n<p><strong>Wei\u00df-Gelber G\u00fcrtel\/9. Kup: <\/strong>Constantin Sajun, Ali Lian Zejneli, John Specht, Luis Specht, Nelli Bruch, David Isaak, Lukas Fuchs<\/p>\n<p><strong>Gelber G\u00fcrtel\/8. Kup: <\/strong>Savelij Hermann, Luy Leukel, Alexander Baitinger, Alexandra Sajun<\/p>\n<p>Herzlichen Gl\u00fcckwunsch unseren Erfolgstr\u00e4gern von morgen!<\/p>\n<p>Die H\u00f6chstpunktzahl erreichte Ali Lian Zejneli und wurde zus\u00e4tzlich mit einer Troph\u00e4e ausgezeichnet.<\/p>\n<p>Der aktuelle Anf\u00e4ngerkurs ist bereits voll und auf einem mittlerweile hohen Niveau. Es wird allerdings aktuell eine Liste f\u00fcr einen weiteren Kurs f\u00fcr Kinder ab vier Jahren angelegt.<\/p>\n<p>&nbsp;<\/p>\n<p><a href=\"http:\/\/sporting-taekwondo.de\/wordpress\/wp-content\/uploads\/2022\/02\/Kampf.jpg\"><img decoding=\"async\" loading=\"lazy\" class=\"alignnone size-medium wp-image-1593\" src=\"http:\/\/sporting-taekwondo.de\/wordpress\/wp-content\/uploads\/2022\/02\/Kampf-247x300.jpg\" alt=\"Kampf\" width=\"247\" height=\"300\" srcset=\"http:\/\/sporting-taekwondo.de\/wordpress\/wp-content\/uploads\/2022\/02\/Kampf-247x300.jpg 247w, http:\/\/sporting-taekwondo.de\/wordpress\/wp-content\/uploads\/2022\/02\/Kampf.jpg 499w\" sizes=\"(max-width: 247px) 100vw, 247px\" \/><\/a><\/p>\n","protected":false},"excerpt":{"rendered":"<p>Wer sich Ziele setzt, wird alleine durch den Weg dorthin eine Entwicklung erleben. Umso sch\u00f6ner, wenn die Ziele auch erreicht werden. In den Disziplin Grundschule, olympischer Vollkontakt, Einschrittkampf, koreanische Terminologie, traditionelle Bewegungsformen, Stepping und Theorie konnte die j\u00fcngste Nachwuchsgruppe von<\/p>\n","protected":false},"author":2,"featured_media":1593,"comment_status":"closed","ping_status":"closed","sticky":false,"template":"","format":"standard","meta":[],"categories":[59],"tags":[370,364,363,365,372,16,367,368,371,366,373,369],"_links":{"self":[{"href":"http:\/\/sporting-taekwondo.de\/wordpress\/wp-json\/wp\/v2\/posts\/1591"}],"collection":[{"href":"http:\/\/sporting-taekwondo.de\/wordpress\/wp-json\/wp\/v2\/posts"}],"about":[{"href":"http:\/\/sporting-taekwondo.de\/wordpress\/wp-json\/wp\/v2\/types\/post"}],"author":[{"embeddable":true,"href":"http:\/\/sporting-taekwondo.de\/wordpress\/wp-json\/wp\/v2\/users\/2"}],"replies":[{"embeddable":true,"href":"http:\/\/sporting-taekwondo.de\/wordpress\/wp-json\/wp\/v2\/comments?post=1591"}],"version-history":[{"count":1,"href":"http:\/\/sporting-taekwondo.de\/wordpress\/wp-json\/wp\/v2\/posts\/1591\/revisions"}],"predecessor-version":[{"id":1594,"href":"http:\/\/sporting-taekwondo.de\/wordpress\/wp-json\/wp\/v2\/posts\/1591\/revisions\/1594"}],"wp:featuredmedia":[{"embeddable":true,"href":"http:\/\/sporting-taekwondo.de\/wordpress\/wp-json\/wp\/v2\/media\/1593"}],"wp:attachment":[{"href":"http:\/\/sporting-taekwondo.de\/wordpress\/wp-json\/wp\/v2\/media?parent=1591"}],"wp:term":[{"taxonomy":"category","embeddable":true,"href":"http:\/\/sporting-taekwondo.de\/wordpress\/wp-json\/wp\/v2\/categories?post=1591"},{"taxonomy":"post_tag","embeddable":true,"href":"http:\/\/sporting-taekwondo.de\/wordpress\/wp-json\/wp\/v2\/tags?post=1591"}],"curies":[{"name":"wp","href":"https:\/\/api.w.org\/{rel}","templated":true}]}}