{"id":1500,"date":"2019-11-27T13:26:18","date_gmt":"2019-11-27T12:26:18","guid":{"rendered":"http:\/\/sporting-taekwondo.de\/wordpress\/?p=1500"},"modified":"2019-11-27T13:26:18","modified_gmt":"2019-11-27T12:26:18","slug":"maxim-becker-gewinnt-bundesranglistenturnier","status":"publish","type":"post","link":"http:\/\/sporting-taekwondo.de\/wordpress\/maxim-becker-gewinnt-bundesranglistenturnier\/","title":{"rendered":"Maxim Becker gewinnt Bundesranglistenturnier!!!"},"content":{"rendered":"<p><a href=\"http:\/\/sporting-taekwondo.de\/wordpress\/wp-content\/uploads\/2019\/11\/A050004-e1574857420187.jpg\"><img decoding=\"async\" loading=\"lazy\" class=\"alignnone size-medium wp-image-1501\" src=\"http:\/\/sporting-taekwondo.de\/wordpress\/wp-content\/uploads\/2019\/11\/A050004-e1574857420187-225x300.jpg\" alt=\"OLYMPUS DIGITAL CAMERA\" width=\"225\" height=\"300\" srcset=\"http:\/\/sporting-taekwondo.de\/wordpress\/wp-content\/uploads\/2019\/11\/A050004-e1574857420187-225x300.jpg 225w, http:\/\/sporting-taekwondo.de\/wordpress\/wp-content\/uploads\/2019\/11\/A050004-e1574857420187-768x1024.jpg 768w\" sizes=\"(max-width: 225px) 100vw, 225px\" \/><\/a> <a href=\"http:\/\/sporting-taekwondo.de\/wordpress\/wp-content\/uploads\/2019\/11\/A050032-e1574857406897.jpg\"><img decoding=\"async\" loading=\"lazy\" class=\"alignnone size-medium wp-image-1502\" src=\"http:\/\/sporting-taekwondo.de\/wordpress\/wp-content\/uploads\/2019\/11\/A050032-e1574857406897-225x300.jpg\" alt=\"OLYMPUS DIGITAL CAMERA\" width=\"225\" height=\"300\" srcset=\"http:\/\/sporting-taekwondo.de\/wordpress\/wp-content\/uploads\/2019\/11\/A050032-e1574857406897-225x300.jpg 225w, http:\/\/sporting-taekwondo.de\/wordpress\/wp-content\/uploads\/2019\/11\/A050032-e1574857406897-768x1024.jpg 768w\" sizes=\"(max-width: 225px) 100vw, 225px\" \/><\/a> <a href=\"http:\/\/sporting-taekwondo.de\/wordpress\/wp-content\/uploads\/2019\/11\/A050078-e1574857394102.jpg\"><img decoding=\"async\" loading=\"lazy\" class=\"alignnone size-medium wp-image-1503\" src=\"http:\/\/sporting-taekwondo.de\/wordpress\/wp-content\/uploads\/2019\/11\/A050078-e1574857394102-225x300.jpg\" alt=\"OLYMPUS DIGITAL CAMERA\" width=\"225\" height=\"300\" srcset=\"http:\/\/sporting-taekwondo.de\/wordpress\/wp-content\/uploads\/2019\/11\/A050078-e1574857394102-225x300.jpg 225w, http:\/\/sporting-taekwondo.de\/wordpress\/wp-content\/uploads\/2019\/11\/A050078-e1574857394102-768x1024.jpg 768w\" sizes=\"(max-width: 225px) 100vw, 225px\" \/><\/a><\/p>\n<p>Im j\u00fcngsten Jahrgang der A-Jugend erreicht Maxim Becker beim &#8222;International Masters&#8220; in Bonn die Erstplatzierung in der Gewichtsklasse -45 kg. Da der noch junge Sportler nach dem Jahresumschwung weitere 2 Jahre in dieser Altersklasse bleiben wird, ist hier noch einiges m\u00f6glich.<\/p>\n<p>Kai Morozov gelang eine Zweitplatzierung, welche auch Maik Schulz nach einigen souver\u00e4n gewonnenen K\u00e4mpfen f\u00fcr sich verbuchen konnte. Sehr knapp scheiterte er an einem weiteren Titelgewinn f\u00fcr SPORTING Taekwondo.<\/p>\n<p>Dritte Pl\u00e4tze gab es f\u00fcr Jan Wiedemann, Emily Kunz, Jill-Marie Beck, Haitham Hama und Daniel Urich. Einige spektakul\u00e4r gewonnene K\u00e4mpfe unterstreichen die Qualit\u00e4t der hier erreichten Drittplatzierungen.<\/p>\n<p>Das Turnier gilt, wie die weiteren Bundesranglistenturniere auch, als qualitativer Gradmesser im nationalen Bereich, zumal auch ausl\u00e4ndische Teams das Niveau zus\u00e4tzlich anheben.<\/p>\n<p>&nbsp;<\/p>\n<p><a href=\"http:\/\/sporting-taekwondo.de\/wordpress\/wp-content\/uploads\/2019\/11\/NRW-Masters-2019.jpg\"><img decoding=\"async\" loading=\"lazy\" class=\"alignnone size-medium wp-image-1504\" src=\"http:\/\/sporting-taekwondo.de\/wordpress\/wp-content\/uploads\/2019\/11\/NRW-Masters-2019-300x225.jpg\" alt=\"NRW Masters 2019\" width=\"300\" height=\"225\" srcset=\"http:\/\/sporting-taekwondo.de\/wordpress\/wp-content\/uploads\/2019\/11\/NRW-Masters-2019-300x225.jpg 300w, http:\/\/sporting-taekwondo.de\/wordpress\/wp-content\/uploads\/2019\/11\/NRW-Masters-2019-1024x768.jpg 1024w, http:\/\/sporting-taekwondo.de\/wordpress\/wp-content\/uploads\/2019\/11\/NRW-Masters-2019.jpg 1440w\" sizes=\"(max-width: 300px) 100vw, 300px\" \/><\/a><\/p>\n","protected":false},"excerpt":{"rendered":"<p>Im j\u00fcngsten Jahrgang der A-Jugend erreicht Maxim Becker beim &#8222;International Masters&#8220; in Bonn die Erstplatzierung in der Gewichtsklasse -45 kg. Da der noch junge Sportler nach dem Jahresumschwung weitere 2 Jahre in dieser Altersklasse bleiben wird, ist hier noch einiges<\/p>\n","protected":false},"author":2,"featured_media":1501,"comment_status":"closed","ping_status":"closed","sticky":false,"template":"","format":"standard","meta":[],"categories":[62,12,61],"tags":[235,234,16,316,247,4,91,22,29,39],"_links":{"self":[{"href":"http:\/\/sporting-taekwondo.de\/wordpress\/wp-json\/wp\/v2\/posts\/1500"}],"collection":[{"href":"http:\/\/sporting-taekwondo.de\/wordpress\/wp-json\/wp\/v2\/posts"}],"about":[{"href":"http:\/\/sporting-taekwondo.de\/wordpress\/wp-json\/wp\/v2\/types\/post"}],"author":[{"embeddable":true,"href":"http:\/\/sporting-taekwondo.de\/wordpress\/wp-json\/wp\/v2\/users\/2"}],"replies":[{"embeddable":true,"href":"http:\/\/sporting-taekwondo.de\/wordpress\/wp-json\/wp\/v2\/comments?post=1500"}],"version-history":[{"count":1,"href":"http:\/\/sporting-taekwondo.de\/wordpress\/wp-json\/wp\/v2\/posts\/1500\/revisions"}],"predecessor-version":[{"id":1505,"href":"http:\/\/sporting-taekwondo.de\/wordpress\/wp-json\/wp\/v2\/posts\/1500\/revisions\/1505"}],"wp:featuredmedia":[{"embeddable":true,"href":"http:\/\/sporting-taekwondo.de\/wordpress\/wp-json\/wp\/v2\/media\/1501"}],"wp:attachment":[{"href":"http:\/\/sporting-taekwondo.de\/wordpress\/wp-json\/wp\/v2\/media?parent=1500"}],"wp:term":[{"taxonomy":"category","embeddable":true,"href":"http:\/\/sporting-taekwondo.de\/wordpress\/wp-json\/wp\/v2\/categories?post=1500"},{"taxonomy":"post_tag","embeddable":true,"href":"http:\/\/sporting-taekwondo.de\/wordpress\/wp-json\/wp\/v2\/tags?post=1500"}],"curies":[{"name":"wp","href":"https:\/\/api.w.org\/{rel}","templated":true}]}}