{"id":1344,"date":"2019-01-04T15:06:38","date_gmt":"2019-01-04T14:06:38","guid":{"rendered":"http:\/\/sporting-taekwondo.de\/wordpress\/?p=1344"},"modified":"2019-01-04T15:11:17","modified_gmt":"2019-01-04T14:11:17","slug":"neue-guertel-zum-jahreswechsel","status":"publish","type":"post","link":"http:\/\/sporting-taekwondo.de\/wordpress\/neue-guertel-zum-jahreswechsel\/","title":{"rendered":"Neue G\u00fcrtel zum Jahreswechsel!!!"},"content":{"rendered":"<p><img decoding=\"async\" loading=\"lazy\" class=\"alignnone size-medium wp-image-1345\" src=\"http:\/\/sporting-taekwondo.de\/wordpress\/wp-content\/uploads\/2019\/01\/AK-Gruppe-1-300x152.jpg\" alt=\"AK Gruppe 1\" width=\"300\" height=\"152\" srcset=\"http:\/\/sporting-taekwondo.de\/wordpress\/wp-content\/uploads\/2019\/01\/AK-Gruppe-1-300x152.jpg 300w, http:\/\/sporting-taekwondo.de\/wordpress\/wp-content\/uploads\/2019\/01\/AK-Gruppe-1-1024x519.jpg 1024w\" sizes=\"(max-width: 300px) 100vw, 300px\" \/><\/p>\n<p>DTU-Pr\u00fcfer Eugen Kiefer pr\u00fcfte zum Jahreswechsel einen Teil seiner Nieder- bis Mittelgraduierten Sportler zur n\u00e4chsten Graduierung in dem koreanischen Kampfsport Taekwondo. Neben einer Mischung von traditionellen Kampfkunsttechniken, modernem Olympischen Vollkontaktwettkampf und Selbstverteidigungstechniken (auch aus anderen Kampfsportarten) konnten alle pr\u00fcflinge auch im theoretischen Teil gl\u00e4nzen.<\/p>\n<p>Alle Sportler bestanden in folgenden Pr\u00fcfungsf\u00e4chern:<\/p>\n<p>\u00dcberpr\u00fcfung des Vorprogramms, Pratzentraining, Grundschule, Steppschule, Freikampf, Theorie, Form, Einschrittkampf, Selbstverteidigung<\/p>\n<p>Die neuen G\u00fcrteltr\u00e4ger sind im Folgenden aufgef\u00fchrt:<\/p>\n<p>Gelber G\u00fcrtel (8. Kup):<\/p>\n<p>Lennart Rae, Saskia Maria Spitzl, Silas Anel-Fernandez, Sophie Krass, Alissa Weiss<\/p>\n<p>Gr\u00fcner G\u00fcrtel (6. Kup):<\/p>\n<p>Maxim Fertikov, Jannek Wart, Jonny Olyushin<\/p>\n<p>Gr\u00fcn-Blauer G\u00fcrtel (5. Kup):<\/p>\n<p>Mia Martens; Maximilian Maier, Nico Maier<\/p>\n<p>Der Verein gratuliert herzlich und freut sich bereits auf die n\u00e4chste Pr\u00fcfung f\u00fcr diejenigen Sportler, welche hier nicht mitgemacht haben.<\/p>\n<p><a href=\"http:\/\/sporting-taekwondo.de\/wordpress\/wp-content\/uploads\/2019\/01\/AK-Gruppe-2.jpg\"><img decoding=\"async\" loading=\"lazy\" class=\"alignnone size-medium wp-image-1346\" src=\"http:\/\/sporting-taekwondo.de\/wordpress\/wp-content\/uploads\/2019\/01\/AK-Gruppe-2-300x190.jpg\" alt=\"AK Gruppe 2\" width=\"300\" height=\"190\" srcset=\"http:\/\/sporting-taekwondo.de\/wordpress\/wp-content\/uploads\/2019\/01\/AK-Gruppe-2-300x190.jpg 300w, http:\/\/sporting-taekwondo.de\/wordpress\/wp-content\/uploads\/2019\/01\/AK-Gruppe-2-1024x650.jpg 1024w, http:\/\/sporting-taekwondo.de\/wordpress\/wp-content\/uploads\/2019\/01\/AK-Gruppe-2.jpg 2029w\" sizes=\"(max-width: 300px) 100vw, 300px\" \/><\/a><\/p>\n","protected":false},"excerpt":{"rendered":"<p>DTU-Pr\u00fcfer Eugen Kiefer pr\u00fcfte zum Jahreswechsel einen Teil seiner Nieder- bis Mittelgraduierten Sportler zur n\u00e4chsten Graduierung in dem koreanischen Kampfsport Taekwondo. Neben einer Mischung von traditionellen Kampfkunsttechniken, modernem Olympischen Vollkontaktwettkampf und Selbstverteidigungstechniken (auch aus anderen Kampfsportarten) konnten alle pr\u00fcflinge auch<\/p>\n","protected":false},"author":2,"featured_media":1345,"comment_status":"closed","ping_status":"closed","sticky":false,"template":"","format":"standard","meta":[],"categories":[1],"tags":[294,16,203,189,291,243,177,181,176,292,290,293],"_links":{"self":[{"href":"http:\/\/sporting-taekwondo.de\/wordpress\/wp-json\/wp\/v2\/posts\/1344"}],"collection":[{"href":"http:\/\/sporting-taekwondo.de\/wordpress\/wp-json\/wp\/v2\/posts"}],"about":[{"href":"http:\/\/sporting-taekwondo.de\/wordpress\/wp-json\/wp\/v2\/types\/post"}],"author":[{"embeddable":true,"href":"http:\/\/sporting-taekwondo.de\/wordpress\/wp-json\/wp\/v2\/users\/2"}],"replies":[{"embeddable":true,"href":"http:\/\/sporting-taekwondo.de\/wordpress\/wp-json\/wp\/v2\/comments?post=1344"}],"version-history":[{"count":2,"href":"http:\/\/sporting-taekwondo.de\/wordpress\/wp-json\/wp\/v2\/posts\/1344\/revisions"}],"predecessor-version":[{"id":1348,"href":"http:\/\/sporting-taekwondo.de\/wordpress\/wp-json\/wp\/v2\/posts\/1344\/revisions\/1348"}],"wp:featuredmedia":[{"embeddable":true,"href":"http:\/\/sporting-taekwondo.de\/wordpress\/wp-json\/wp\/v2\/media\/1345"}],"wp:attachment":[{"href":"http:\/\/sporting-taekwondo.de\/wordpress\/wp-json\/wp\/v2\/media?parent=1344"}],"wp:term":[{"taxonomy":"category","embeddable":true,"href":"http:\/\/sporting-taekwondo.de\/wordpress\/wp-json\/wp\/v2\/categories?post=1344"},{"taxonomy":"post_tag","embeddable":true,"href":"http:\/\/sporting-taekwondo.de\/wordpress\/wp-json\/wp\/v2\/tags?post=1344"}],"curies":[{"name":"wp","href":"https:\/\/api.w.org\/{rel}","templated":true}]}}