{"id":1198,"date":"2018-03-09T00:22:44","date_gmt":"2018-03-08T23:22:44","guid":{"rendered":"http:\/\/sporting-taekwondo.de\/wordpress\/?p=1198"},"modified":"2018-03-09T00:24:34","modified_gmt":"2018-03-08T23:24:34","slug":"weitere-guertelpruefung-ein-voller-erfolg","status":"publish","type":"post","link":"http:\/\/sporting-taekwondo.de\/wordpress\/weitere-guertelpruefung-ein-voller-erfolg\/","title":{"rendered":"Weitere G\u00fcrtelpr\u00fcfung ein voller Erfolg!"},"content":{"rendered":"<p><a href=\"http:\/\/sporting-taekwondo.de\/wordpress\/wp-content\/uploads\/2018\/03\/Gruppe-2-AK.jpg\"><img decoding=\"async\" loading=\"lazy\" class=\"alignnone size-medium wp-image-1199\" src=\"http:\/\/sporting-taekwondo.de\/wordpress\/wp-content\/uploads\/2018\/03\/Gruppe-2-AK-300x153.jpg\" alt=\"Gruppe 2 AK\" width=\"300\" height=\"153\" srcset=\"http:\/\/sporting-taekwondo.de\/wordpress\/wp-content\/uploads\/2018\/03\/Gruppe-2-AK-300x153.jpg 300w, http:\/\/sporting-taekwondo.de\/wordpress\/wp-content\/uploads\/2018\/03\/Gruppe-2-AK-1024x524.jpg 1024w\" sizes=\"(max-width: 300px) 100vw, 300px\" \/><\/a><\/p>\n<p>Folgende Sportler bestanden vor Haupttrainer und DTU-Pr\u00fcfer Eugen Kiefer in den Pr\u00fcfungsf\u00e4chern Stepschule, Grundschule, \u00dcberpr\u00fcfung des Vorprogramms, Selbstverteidigung, Formen, Kampf, Pratzentraining, Bruchtest und Theorie zum jeweiligen G\u00fcrtel:<\/p>\n<p>9. Kup (wei\u00df-gelb): Darius Dorssers, Jack Dean Manthey<\/p>\n<p>8. Kup (gelb): Maxim Fertikov, Reyhan Meral, Lennart, Hagen, Jan Wiedemann<\/p>\n<p>7. Kup (gelb-gr\u00fcn): Dasha Kudenko, Floris Leander K\u00fcpper, Jonas Yagop, Miriam Buisson, Pauline Rychlik,, Anastasia Olyushin, Jannek Wart, Jan-Luca Stobbe, Demian Stobbe<\/p>\n<p>4. Kup (blau): Florian Rychlik<\/p>\n<p>3. Kup (blau-rot): Leni Schwab<\/p>\n<p>Die Trainer Eugen Kiefer, Maik Stazenko, Jan Stazenko und Kerstin Klinkau gratulieren herzlich und freuen sich bereits auf die Vorbereitung der Sportler auf den n\u00e4chsten G\u00fcrtelgrad, der wiederum l\u00e4nger dauern und mehr Arbeit beanspruchen wird.<\/p>\n<p><a href=\"http:\/\/sporting-taekwondo.de\/wordpress\/wp-content\/uploads\/2018\/03\/Gruppe-1-AK.jpg\"><img decoding=\"async\" loading=\"lazy\" class=\"alignnone size-medium wp-image-1200\" src=\"http:\/\/sporting-taekwondo.de\/wordpress\/wp-content\/uploads\/2018\/03\/Gruppe-1-AK-300x147.jpg\" alt=\"Gruppe 1 AK\" width=\"300\" height=\"147\" srcset=\"http:\/\/sporting-taekwondo.de\/wordpress\/wp-content\/uploads\/2018\/03\/Gruppe-1-AK-300x147.jpg 300w, http:\/\/sporting-taekwondo.de\/wordpress\/wp-content\/uploads\/2018\/03\/Gruppe-1-AK-1024x502.jpg 1024w\" sizes=\"(max-width: 300px) 100vw, 300px\" \/><\/a><\/p>\n","protected":false},"excerpt":{"rendered":"<p>Folgende Sportler bestanden vor Haupttrainer und DTU-Pr\u00fcfer Eugen Kiefer in den Pr\u00fcfungsf\u00e4chern Stepschule, Grundschule, \u00dcberpr\u00fcfung des Vorprogramms, Selbstverteidigung, Formen, Kampf, Pratzentraining, Bruchtest und Theorie zum jeweiligen G\u00fcrtel: 9. Kup (wei\u00df-gelb): Darius Dorssers, Jack Dean Manthey 8. Kup (gelb): Maxim Fertikov,<\/p>\n","protected":false},"author":2,"featured_media":1199,"comment_status":"closed","ping_status":"closed","sticky":false,"template":"","format":"standard","meta":[],"categories":[1],"tags":[186,190,241,188,202,16,205,191,246,242,35,247,201,203,204,120,115,245,187,15,243,174,230,244],"_links":{"self":[{"href":"http:\/\/sporting-taekwondo.de\/wordpress\/wp-json\/wp\/v2\/posts\/1198"}],"collection":[{"href":"http:\/\/sporting-taekwondo.de\/wordpress\/wp-json\/wp\/v2\/posts"}],"about":[{"href":"http:\/\/sporting-taekwondo.de\/wordpress\/wp-json\/wp\/v2\/types\/post"}],"author":[{"embeddable":true,"href":"http:\/\/sporting-taekwondo.de\/wordpress\/wp-json\/wp\/v2\/users\/2"}],"replies":[{"embeddable":true,"href":"http:\/\/sporting-taekwondo.de\/wordpress\/wp-json\/wp\/v2\/comments?post=1198"}],"version-history":[{"count":2,"href":"http:\/\/sporting-taekwondo.de\/wordpress\/wp-json\/wp\/v2\/posts\/1198\/revisions"}],"predecessor-version":[{"id":1202,"href":"http:\/\/sporting-taekwondo.de\/wordpress\/wp-json\/wp\/v2\/posts\/1198\/revisions\/1202"}],"wp:featuredmedia":[{"embeddable":true,"href":"http:\/\/sporting-taekwondo.de\/wordpress\/wp-json\/wp\/v2\/media\/1199"}],"wp:attachment":[{"href":"http:\/\/sporting-taekwondo.de\/wordpress\/wp-json\/wp\/v2\/media?parent=1198"}],"wp:term":[{"taxonomy":"category","embeddable":true,"href":"http:\/\/sporting-taekwondo.de\/wordpress\/wp-json\/wp\/v2\/categories?post=1198"},{"taxonomy":"post_tag","embeddable":true,"href":"http:\/\/sporting-taekwondo.de\/wordpress\/wp-json\/wp\/v2\/tags?post=1198"}],"curies":[{"name":"wp","href":"https:\/\/api.w.org\/{rel}","templated":true}]}}